{"id":29851,"date":"2026-05-01T18:49:19","date_gmt":"2026-05-01T18:49:19","guid":{"rendered":"https:\/\/www.blogthedreams.com\/index.php\/2026\/05\/01\/trump-desata-caos-arancelario-el-fin-del-comercio-ue-eeuu\/"},"modified":"2026-05-01T18:49:20","modified_gmt":"2026-05-01T18:49:20","slug":"trump-desata-caos-arancelario-el-fin-del-comercio-ue-eeuu","status":"publish","type":"post","link":"https:\/\/www.blogthedreams.com\/index.php\/2026\/05\/01\/trump-desata-caos-arancelario-el-fin-del-comercio-ue-eeuu\/","title":{"rendered":"Trump desata caos arancelario: \u00bfel fin del comercio UE-EEUU?"},"content":{"rendered":"<p>\u00ab`html<br \/>\n<!DOCTYPE html><br \/>\n<html lang=\"es\"><br \/>\n<head><br \/>\n    <meta charset=\"UTF-8\"><br \/>\n    <meta name=\"viewport\" content=\"width=device-width, initial-scale=1.0\"><br \/>\n    <title>Trump acusa a la UE de violar el pacto comercial y elevar\u00e1 al 25 % el arancel a los veh\u00edculos<\/title><br \/>\n    <meta name=\"description\" content=\"An\u00e1lisis de las acusaciones de Trump contra la UE por violar el pacto comercial y las implicaciones de elevar al 25 % el arancel a los veh\u00edculos.\"><br \/>\n    <meta name=\"keywords\" content=\"Trump, UE, pacto comercial, aranceles, veh\u00edculos, tensiones comerciales, guerra comercial, econom\u00eda, pol\u00edtica internacional, Estados Unidos, Uni\u00f3n Europea\"><\/p>\n<style>\n        body {\n            font-family: 'Helvetica Neue', Helvetica, Arial, sans-serif;\n            line-height: 1.6;\n            color: #333;\n            margin: 0;\n            padding: 0;\n            background-color: #fff;\n        }\n        .container {\n            max-width: 800px;\n            margin: 0 auto;\n            padding: 25px 20px;\n            box-sizing: border-box;\n            word-wrap: break-word;\n            overflow-wrap: break-word;\n        }\n        h1 {\n            font-size: 2.4em;\n            font-weight: bold;\n            color: #1a1a1a;\n            border-bottom: 2px solid #ddd;\n            padding-bottom: 15px;\n            margin-bottom: 25px;\n            text-align: center;\n            line-height: 1.3;\n        }\n        h2 {\n            font-size: 1.8em;\n            color: #222;\n            margin-top: 40px;\n            margin-bottom: 20px;\n            border-left: 5px solid #004a99;\n            padding-left: 12px;\n            line-height: 1.3;\n            font-weight: 600;\n        }\n        p {\n            margin-bottom: 20px;\n            font-size: 1.1em;\n            text-align: left;\n        }\n        ul {\n            margin-bottom: 20px;\n            padding-left: 25px;\n            list-style-type: square;\n        }\n        li {\n            margin-bottom: 12px;\n            padding-left: 8px;\n        }\n        .emoji {\n            font-size: 1.2em;\n            vertical-align: -0.15em;\n            margin: 0 3px;\n        }\n    <\/style>\n<p><\/head><br \/>\n<body><\/p>\n<div class=\"container\">\n<h1>Trump acusa a la UE de violar el pacto comercial \ud83c\udf0d\ud83d\ude97<\/h1>\n<p>En la \u00faltima jugada de un ajedrez geopol\u00edtico que parece no tener fin, Donald Trump ha se\u00f1alado con dedo acusador a la Uni\u00f3n Europea, acus\u00e1ndola de violar el acuerdo comercial como si se tratara de un acuerdo entre caballeros interrumpido por un brusco cambio de sillas. La respuesta del expresidente no se hizo esperar: \u00a1un arancel del 25 % a los veh\u00edculos europeos! \ud83d\ude99\ud83d\udcbc<\/p>\n<p>Esta medida ha resonado como un trueno en un d\u00eda despejado, dejando a m\u00e1s de uno en Bruselas con la sensaci\u00f3n de \u00abd\u00e9j\u00e0 vu\u00bb. Si bien la historia de amor-odio entre Washington y Bruselas parece recordar a una serie sin fin, donde cada temporada introduce un nuevo nivel de dramatismo, esta acusaci\u00f3n tiene matices interesantes.<\/p>\n<h2>La Esencia de la Acusaci\u00f3n \ud83d\ude32\ud83d\uded1<\/h2>\n<p>Trump, quien nunca ha sido conocido por medir sus palabras, ha justificado su decisi\u00f3n diciendo que la UE ha faltado al respeto a los acuerdos consiguientes tras el arduo y pausado trabajo de diplom\u00e1ticos calvando un clavo en el muro del progreso global. Seg\u00fan \u00e9l, los subsidios a la industria automotriz europea generan una competencia desleal, y ah\u00ed radica la ra\u00edz del problema que desemboca en este severo ajuste arancelario.<\/p>\n<p>En este teatro de lo absurdo, uno puede preguntarse: \u00bfes una medida proteccionista o simplemente una manera de llamar la atenci\u00f3n medi\u00e1tica? Para muchos en el Viejo Continente, la din\u00e1mica entre ambas potencias econ\u00f3micas se asemeja a un baile eterno donde los pasos hacia adelante y hacia atr\u00e1s son tan frecuentes como impredecibles.<\/p>\n<h2>Un Juego de Intereses: Tecnolog\u00eda vs. Tr\u00e1fico Comercial \ud83d\udcc8\ud83d\udd04<\/h2>\n<p>La Uni\u00f3n Europea, por su parte, no ha tardado en recordar sus propios argumentos. Los aranceles en las relaciones comerciales son como ese grano de arena en el zapato de un corredor: irritantes e inevitables. Pero el impacto no puede subestimarse, pues tras las ret\u00f3ricas pol\u00edticas, hay industrias enteras que se tambalean en el filo, como equilibristas sobre una cuerda floja en una tormenta. \ud83c\udf27\ufe0f<\/p>\n<p>La industria automotriz estadounidense puede celebrar su esperado respiro del gigante europeo, pero no sin antes echar un vistazo al espejo. La demanda en el mercado de autos de combusti\u00f3n, en franca declinaci\u00f3n, busca en los autos el\u00e9ctricos su tabla de salvaci\u00f3n. Sin embargo, los fabricantes europeos, como Mercedes y Volkswagen, no necesitan introducci\u00f3n: su innovaci\u00f3n y calidad son tan expectantes como la primavera despu\u00e9s del invierno.<\/p>\n<h2>Qu\u00e9 nos dice la Historia \ud83d\udcdc\ud83d\udd0e<\/h2>\n<p>Si echamos un vistazo a la cronolog\u00eda moderna, recordamos que estas tensiones rara vez producen verdaderos ganadores. En el escenario mundial, las guerras comerciales dejan un rastro de cenizas donde antes crec\u00eda el comercio. Tal vez convenga recordar, como aves anticipando un hurac\u00e1n, que recular del abismo es a menudo m\u00e1s sabio que confrontarse con \u00e9l.<\/p>\n<p>En definitiva, la resoluci\u00f3n de esta disputa podr\u00eda ser tan impredecible como las propias declaraciones de Trump. En este juego, donde las reglas parecen ser dibujadas con un palo en el agua, lo que realmente queda es la pregunta: \u00bfqui\u00e9n dar\u00e1 el siguiente paso en este tablero de \u00e1speras maniobras comerciales? Y en \u00faltima instancia, \u00bfqu\u00e9 significa esto realmente para el ciudadano de a pie?<\/p>\n<\/p><\/div>\n<p><\/body><br \/>\n<\/html><br \/>\n\u00ab`<\/p>\n","protected":false},"excerpt":{"rendered":"<p>\u00ab`html Trump acusa a la UE de violar el pacto comercial y elevar\u00e1 al 25 % el arancel a los veh\u00edculos Trump acusa a la UE de violar el pacto comercial \ud83c\udf0d\ud83d\ude97 En la&#46;&#46;&#46;<\/p>\n","protected":false},"author":1,"featured_media":29850,"comment_status":"closed","ping_status":"","sticky":false,"template":"","format":"standard","meta":{"footnotes":""},"categories":[10],"tags":[],"class_list":["post-29851","post","type-post","status-publish","format-standard","has-post-thumbnail","hentry","category-noticias"],"_links":{"self":[{"href":"https:\/\/www.blogthedreams.com\/index.php\/wp-json\/wp\/v2\/posts\/29851","targetHints":{"allow":["GET"]}}],"collection":[{"href":"https:\/\/www.blogthedreams.com\/index.php\/wp-json\/wp\/v2\/posts"}],"about":[{"href":"https:\/\/www.blogthedreams.com\/index.php\/wp-json\/wp\/v2\/types\/post"}],"author":[{"embeddable":true,"href":"https:\/\/www.blogthedreams.com\/index.php\/wp-json\/wp\/v2\/users\/1"}],"replies":[{"embeddable":true,"href":"https:\/\/www.blogthedreams.com\/index.php\/wp-json\/wp\/v2\/comments?post=29851"}],"version-history":[{"count":1,"href":"https:\/\/www.blogthedreams.com\/index.php\/wp-json\/wp\/v2\/posts\/29851\/revisions"}],"predecessor-version":[{"id":29852,"href":"https:\/\/www.blogthedreams.com\/index.php\/wp-json\/wp\/v2\/posts\/29851\/revisions\/29852"}],"wp:featuredmedia":[{"embeddable":true,"href":"https:\/\/www.blogthedreams.com\/index.php\/wp-json\/wp\/v2\/media\/29850"}],"wp:attachment":[{"href":"https:\/\/www.blogthedreams.com\/index.php\/wp-json\/wp\/v2\/media?parent=29851"}],"wp:term":[{"taxonomy":"category","embeddable":true,"href":"https:\/\/www.blogthedreams.com\/index.php\/wp-json\/wp\/v2\/categories?post=29851"},{"taxonomy":"post_tag","embeddable":true,"href":"https:\/\/www.blogthedreams.com\/index.php\/wp-json\/wp\/v2\/tags?post=29851"}],"curies":[{"name":"wp","href":"https:\/\/api.w.org\/{rel}","templated":true}]}}